{"id":1392,"date":"2016-09-18T16:08:10","date_gmt":"2016-09-18T21:08:10","guid":{"rendered":"http:\/\/localhost\/solar%20costa\/wordpress\/congelador-nevera-solar-290-lts\/"},"modified":"2016-09-18T16:08:10","modified_gmt":"2016-09-18T21:08:10","slug":"congelador-nevera-solar-290-lts","status":"publish","type":"post","link":"https:\/\/www.nuevaweb.solarcosta.com.co\/wordpress\/congelador-nevera-solar-290-lts\/","title":{"rendered":"Nevera\/Congelador Solar Steca PF 166 \/ PF 240"},"content":{"rendered":"<p>&nbsp;<\/p>\n<table style=\"height: 547px; width: 644px;\">\n<tbody>\n<tr>\n<td style=\"text-align: justify;\">\n<p><span style=\"font-size: 8pt;\">&nbsp;<img loading=\"lazy\" decoding=\"async\" src=\"\/wordpress\/wp-content\/uploads\/2026\/04\/Neveras-Steca.jpg\" alt=\"\" width=\"854\" height=\"523\" style=\"display: block; margin-left: auto; margin-right: auto;\" \/><\/span><\/p>\n<p><span style=\"font-family: tahoma, arial, helvetica, sans-serif;\"><\/span><\/p>\n<ul class=\"technicaldatapromotionpoints \" style=\"list-style: disc inside; color: #000000; text-align: justify; outline: 0px; font-size: 15px; vertical-align: baseline; background-image: initial; background-position: initial; background-repeat: initial; background-attachment: initial; font-family: Humanist777BT-LightB; line-height: 22px;\">\n<li style=\"outline: 0px; font-size: 14.25px; vertical-align: baseline; background: transparent; font-family: Humanist777BT-LightB, Arial, Helvetica, Geneva, sans-serif;\"><span style=\"margin: 0px; padding: 0px; outline: 0px; vertical-align: baseline; background: transparent;\">M\u00e1xima eficiencia energ\u00e9tica<\/span><\/li>\n<li style=\"outline: 0px; font-size: 14.25px; vertical-align: baseline; background: transparent; font-family: Humanist777BT-LightB, Arial, Helvetica, Geneva, sans-serif;\"><span style=\"margin: 0px; padding: 0px; outline: 0px; vertical-align: baseline; background: transparent;\">Puede utilizarse como frigor\u00edfico o congelador<\/span><\/li>\n<li style=\"outline: 0px; font-size: 14.25px; vertical-align: baseline; background: transparent; font-family: Humanist777BT-LightB, Arial, Helvetica, Geneva, sans-serif;\"><span style=\"margin: 0px; padding: 0px; outline: 0px; vertical-align: baseline; background: transparent;\">Adaptaci\u00f3n autom\u00e1tica a bater\u00edas de 12 V y 24 V<\/span><\/li>\n<li style=\"outline: 0px; font-size: 14.25px; vertical-align: baseline; background: transparent; font-family: Humanist777BT-LightB, Arial, Helvetica, Geneva, sans-serif;\"><span style=\"margin: 0px; padding: 0px; outline: 0px; vertical-align: baseline; background: transparent;\">Control electr\u00f3nico<\/span><\/li>\n<li style=\"outline: 0px; font-size: 14.25px; vertical-align: baseline; background: transparent; font-family: Humanist777BT-LightB, Arial, Helvetica, Geneva, sans-serif;\"><span style=\"margin: 0px; padding: 0px; outline: 0px; vertical-align: baseline; background: transparent;\">Registrador de datos de temperatura en caso de corte de corriente<\/span><\/li>\n<\/ul>\n<p><span style=\"color: #808080;\"><\/span><\/p>\n<p><span style=\"color: #808080;\"><\/span><\/p>\n<p><span style=\"color: #808080;\"><strong><span style=\"font-size: 8pt;\">Descripci\u00f3n:<\/span><\/strong><\/span><\/p>\n<p><span style=\"font-size: 8pt;\"><\/span><\/p>\n<p><span style=\"color: #222222; font-family: Humanist777BT-LightB, Arial, Helvetica, Geneva, sans-serif; font-size: 13.3px;\">Los frigor\u00edficos Steca de la serie PF son los frigor\u00edficos de CC con ahorro de energ\u00eda m\u00e1s eficientes que jam\u00e1s se han desarrollado. Pueden utilizarse como congelador o como frigor\u00edfico.<\/span><br style=\"color: #222222; font-family: Humanist777BT-LightB, Arial, Helvetica, Geneva, sans-serif; font-size: 13.3px;\" \/><br style=\"color: #222222; font-family: Humanist777BT-LightB, Arial, Helvetica, Geneva, sans-serif; font-size: 13.3px;\" \/><span style=\"color: #222222; font-family: Humanist777BT-LightB, Arial, Helvetica, Geneva, sans-serif; font-size: 13.3px;\">Steca PF 166 y Steca PF 240 son totalmente programables. La temperatura interior y otros par\u00e1metros pueden ser ajustados seg\u00fan las necesidades del usuario. Por ellos son ideal para todas las aplicaciones de CC, incluyendo la refrigeraci\u00f3n de medicamentos en hospitales. Con el control electr\u00f3nico \u00f3ptimo y la regulaci\u00f3n del n\u00famero de revoluciones del compresor se garantiza una utilizaci\u00f3n extremadamente eficiente de la energ\u00eda. Esto implica un importante ahorro en costos.<\/span><br style=\"color: #222222; font-family: Humanist777BT-LightB, Arial, Helvetica, Geneva, sans-serif; font-size: 13.3px;\" \/><br style=\"color: #222222; font-family: Humanist777BT-LightB, Arial, Helvetica, Geneva, sans-serif; font-size: 13.3px;\" \/><span style=\"color: #222222; font-family: Humanist777BT-LightB, Arial, Helvetica, Geneva, sans-serif; font-size: 13.3px;\">Estos productos se distinguen por su facilidad de manejo mediante una gran pantalla digital con opciones de ajuste, el m\u00e1s alto est\u00e1ndar de calidad y fiabilidad y una larga vida \u00fatil. Adem\u00e1s, los equipos son f\u00e1ciles de limpiar, ya que incluyen una salida de agua en el fondo.<\/span><\/p>\n<p>&nbsp;<\/p>\n<h3 class=\"technicaldatatabletitle\" style=\"margin-top: 5px; margin-bottom: 5px; outline: 0px; font-size: 13px; vertical-align: baseline; background-image: initial; background-position: initial; background-repeat: initial; background-attachment: initial; line-height: 14.3px; font-weight: normal; font-family: Humanist777BT-RomanB, Arial, Helvetica, Geneva, sans-serif; color: #222222;\"><strong><span style=\"color: #808080;\">Caracter\u00edsticas del producto<\/span><\/strong><\/h3>\n<ul class=\"technicaldataul\" style=\"padding-bottom: 20px; padding-left: 20px; outline: 0px; font-size: 14px; vertical-align: baseline; background-image: initial; background-position: initial; background-repeat: initial; background-attachment: initial; list-style: disc; color: #222222; font-family: Humanist777BT-RomanB, Arial, Helvetica, Geneva, sans-serif;\">\n<li class=\"alternaterow0\" style=\"outline: 0px; font-size: 13.3px; vertical-align: baseline; background: transparent; font-family: Humanist777BT-LightB, Arial, Helvetica, Geneva, sans-serif;\"><span class=\"value\" style=\"margin: 0px; padding: 0px; outline: 0px; font-size: 13.3px; vertical-align: baseline; background: transparent;\">Enfriado r\u00e1pido y eficiente gracias a la regulaci\u00f3n del n\u00famero de revoluciones del compresor<\/span><\/li>\n<li class=\"alternaterow1\" style=\"outline: 0px; font-size: 13.3px; vertical-align: baseline; background: transparent; font-family: Humanist777BT-LightB, Arial, Helvetica, Geneva, sans-serif;\"><span class=\"value\" style=\"margin: 0px; padding: 0px; outline: 0px; font-size: 13.3px; vertical-align: baseline; background: transparent;\">El frigor\u00edfico puede utilizarse en casi todas las zonas clim\u00e1ticas con un m\u00f3dulo fotovoltaico de 70 W<\/span><\/li>\n<li class=\"alternaterow0\" style=\"outline: 0px; font-size: 13.3px; vertical-align: baseline; background: transparent; font-family: Humanist777BT-LightB, Arial, Helvetica, Geneva, sans-serif;\"><span class=\"value\" style=\"margin: 0px; padding: 0px; outline: 0px; font-size: 13.3px; vertical-align: baseline; background: transparent;\">Selecci\u00f3n autom\u00e1tica de tensi\u00f3n<\/span><\/li>\n<li class=\"alternaterow1\" style=\"outline: 0px; font-size: 13.3px; vertical-align: baseline; background: transparent; font-family: Humanist777BT-LightB, Arial, Helvetica, Geneva, sans-serif;\"><span class=\"value\" style=\"margin: 0px; padding: 0px; outline: 0px; font-size: 13.3px; vertical-align: baseline; background: transparent;\">Temperatura programable<\/span><\/li>\n<li class=\"alternaterow0\" style=\"outline: 0px; font-size: 13.3px; vertical-align: baseline; background: transparent; font-family: Humanist777BT-LightB, Arial, Helvetica, Geneva, sans-serif;\"><span class=\"value\" style=\"margin: 0px; padding: 0px; outline: 0px; font-size: 13.3px; vertical-align: baseline; background: transparent;\">Funci\u00f3n de frigor\u00edfico o congelador ajustable<\/span><\/li>\n<li class=\"alternaterow1\" style=\"outline: 0px; font-size: 13.3px; vertical-align: baseline; background: transparent; font-family: Humanist777BT-LightB, Arial, Helvetica, Geneva, sans-serif;\"><span class=\"value\" style=\"margin: 0px; padding: 0px; outline: 0px; font-size: 13.3px; vertical-align: baseline; background: transparent;\">Para todas las aplicaciones de CC &nbsp; &nbsp; &nbsp; &nbsp; &nbsp;&nbsp;<\/span><\/li>\n<li class=\"alternaterow0\" style=\"outline: 0px; font-size: 13.3px; vertical-align: baseline; background: transparent; font-family: Humanist777BT-LightB, Arial, Helvetica, Geneva, sans-serif;\"><span class=\"value\" style=\"margin: 0px; padding: 0px; outline: 0px; font-size: 13.3px; vertical-align: baseline; background: transparent;\">Mantenimiento m\u00ednimo y limpieza f\u00e1cil<\/span><\/li>\n<li class=\"alternaterow1\" style=\"outline: 0px; font-size: 13.3px; vertical-align: baseline; background: transparent; font-family: Humanist777BT-LightB, Arial, Helvetica, Geneva, sans-serif;\"><span class=\"value\" style=\"margin: 0px; padding: 0px; outline: 0px; font-size: 13.3px; vertical-align: baseline; background: transparent;\">Cerradura con dos llaves<\/span><\/li>\n<li class=\"alternaterow0\" style=\"outline: 0px; font-size: 13.3px; vertical-align: baseline; background: transparent; font-family: Humanist777BT-LightB, Arial, Helvetica, Geneva, sans-serif;\"><span class=\"value\" style=\"margin: 0px; padding: 0px; outline: 0px; font-size: 13.3px; vertical-align: baseline; background: transparent;\">Apropiado tambi\u00e9n para la utilizaci\u00f3n m\u00f3vil<\/span><\/li>\n<li class=\"alternaterow1\" style=\"outline: 0px; font-size: 13.3px; vertical-align: baseline; background: transparent; font-family: Humanist777BT-LightB, Arial, Helvetica, Geneva, sans-serif;\"><span class=\"value\" style=\"margin: 0px; padding: 0px; outline: 0px; font-size: 13.3px; vertical-align: baseline; background: transparent;\">Auto dimming para reducir el consumo propio<\/span><\/li>\n<\/ul>\n<h3 class=\"technicaldatatabletitle\" style=\"margin-top: 5px; margin-bottom: 5px; outline: 0px; font-size: 13px; vertical-align: baseline; background-image: initial; background-position: initial; background-repeat: initial; background-attachment: initial; line-height: 14.3px; font-weight: normal; font-family: Humanist777BT-RomanB, Arial, Helvetica, Geneva, sans-serif; color: #222222;\"><span style=\"color: #808080;\">Funciones de protecci\u00f3n electr\u00f3nica<\/span><\/h3>\n<ul class=\"technicaldataul\" style=\"padding-bottom: 20px; padding-left: 20px; outline: 0px; font-size: 14px; vertical-align: baseline; background-image: initial; background-position: initial; background-repeat: initial; background-attachment: initial; list-style: disc; color: #222222; font-family: Humanist777BT-RomanB, Arial, Helvetica, Geneva, sans-serif;\">\n<li class=\"alternaterow0\" style=\"outline: 0px; font-size: 13.3px; vertical-align: baseline; background: transparent; font-family: Humanist777BT-LightB, Arial, Helvetica, Geneva, sans-serif;\"><span class=\"value\" style=\"margin: 0px; padding: 0px; outline: 0px; font-size: 13.3px; vertical-align: baseline; background: transparent;\">Protecci\u00f3n contra polaridad inversa<\/span><\/li>\n<li class=\"alternaterow1\" style=\"outline: 0px; font-size: 13.3px; vertical-align: baseline; background: transparent; font-family: Humanist777BT-LightB, Arial, Helvetica, Geneva, sans-serif;\"><span class=\"value\" style=\"margin: 0px; padding: 0px; outline: 0px; font-size: 13.3px; vertical-align: baseline; background: transparent;\">Protecci\u00f3n contra descarga total<\/span><\/li>\n<li class=\"alternaterow0\" style=\"outline: 0px; font-size: 13.3px; vertical-align: baseline; background: transparent; font-family: Humanist777BT-LightB, Arial, Helvetica, Geneva, sans-serif;\"><span class=\"value\" style=\"margin: 0px; padding: 0px; outline: 0px; font-size: 13.3px; vertical-align: baseline; background: transparent;\">Visualizaci\u00f3n de corte de corriente<\/span><\/li>\n<li class=\"alternaterow1\" style=\"outline: 0px; font-size: 13.3px; vertical-align: baseline; background: transparent; font-family: Humanist777BT-LightB, Arial, Helvetica, Geneva, sans-serif;\"><span class=\"value\" style=\"margin: 0px; padding: 0px; outline: 0px; font-size: 13.3px; vertical-align: baseline; background: transparent;\">Alarma de temperatura<\/span><\/li>\n<\/ul>\n<h3 class=\"technicaldatatabletitle\" style=\"margin-top: 5px; margin-bottom: 5px; outline: 0px; font-size: 13px; vertical-align: baseline; background-image: initial; background-position: initial; background-repeat: initial; background-attachment: initial; line-height: 14.3px; font-weight: normal; font-family: Humanist777BT-RomanB, Arial, Helvetica, Geneva, sans-serif; color: #222222;\"><span style=\"color: #808080;\">Indicaciones<\/span><\/h3>\n<ul class=\"technicaldataul\" style=\"padding-bottom: 20px; padding-left: 20px; outline: 0px; font-size: 14px; vertical-align: baseline; background-image: initial; background-position: initial; background-repeat: initial; background-attachment: initial; list-style: disc; color: #222222; font-family: Humanist777BT-RomanB, Arial, Helvetica, Geneva, sans-serif;\">\n<li class=\"alternaterow0\" style=\"outline: 0px; font-size: 13.3px; vertical-align: baseline; background: transparent; font-family: Humanist777BT-LightB, Arial, Helvetica, Geneva, sans-serif;\"><span class=\"value\" style=\"margin: 0px; padding: 0px; outline: 0px; font-size: 13.3px; vertical-align: baseline; background: transparent;\">Display LED multifuncional<\/span><\/li>\n<li class=\"alternaterow1\" style=\"outline: 0px; font-size: 13.3px; vertical-align: baseline; background: transparent; font-family: Humanist777BT-LightB, Arial, Helvetica, Geneva, sans-serif;\"><span class=\"value\" style=\"margin: 0px; padding: 0px; outline: 0px; font-size: 13.3px; vertical-align: baseline; background: transparent;\">Visualizaci\u00f3n digital de temperatura<\/span><\/li>\n<\/ul>\n<h3 class=\"technicaldatatabletitle\" style=\"margin-top: 5px; margin-bottom: 5px; outline: 0px; font-size: 13px; vertical-align: baseline; background-image: initial; background-position: initial; background-repeat: initial; background-attachment: initial; line-height: 14.3px; font-weight: normal; font-family: Humanist777BT-RomanB, Arial, Helvetica, Geneva, sans-serif; color: #222222;\"><span style=\"color: #808080;\">Manejo<\/span><\/h3>\n<ul class=\"technicaldataul\" style=\"padding-bottom: 20px; padding-left: 20px; outline: 0px; font-size: 14px; vertical-align: baseline; background-image: initial; background-position: initial; background-repeat: initial; background-attachment: initial; list-style: disc; color: #222222; font-family: Humanist777BT-RomanB, Arial, Helvetica, Geneva, sans-serif;\">\n<li class=\"alternaterow0\" style=\"outline: 0px; font-size: 13.3px; vertical-align: baseline; background: transparent; font-family: Humanist777BT-LightB, Arial, Helvetica, Geneva, sans-serif;\"><span class=\"value\" style=\"margin: 0px; padding: 0px; outline: 0px; font-size: 13.3px; vertical-align: baseline; background: transparent;\">Programaci\u00f3n por medio de botones<\/span><\/li>\n<\/ul>\n<h3 class=\"technicaldatatabletitle\" style=\"margin-top: 5px; margin-bottom: 5px; outline: 0px; font-size: 13px; vertical-align: baseline; background-image: initial; background-position: initial; background-repeat: initial; background-attachment: initial; line-height: 14.3px; font-weight: normal; font-family: Humanist777BT-RomanB, Arial, Helvetica, Geneva, sans-serif; color: #222222;\"><span style=\"color: #808080;\">Certificaciones<\/span><\/h3>\n<ul class=\"technicaldataul\" style=\"padding-bottom: 20px; padding-left: 20px; outline: 0px; font-size: 14px; vertical-align: baseline; background-image: initial; background-position: initial; background-repeat: initial; background-attachment: initial; list-style: disc; color: #222222; font-family: Humanist777BT-RomanB, Arial, Helvetica, Geneva, sans-serif;\">\n<li class=\"alternaterow0\" style=\"outline: 0px; font-size: 13.3px; vertical-align: baseline; background: transparent; font-family: Humanist777BT-LightB, Arial, Helvetica, Geneva, sans-serif;\"><span class=\"value\" style=\"margin: 0px; padding: 0px; outline: 0px; font-size: 13.3px; vertical-align: baseline; background: transparent;\">Conforme a los est\u00e1ndares europeos (CE)<\/span><\/li>\n<li class=\"alternaterow1\" style=\"outline: 0px; font-size: 13.3px; vertical-align: baseline; background: transparent; font-family: Humanist777BT-LightB, Arial, Helvetica, Geneva, sans-serif;\"><span class=\"value\" style=\"margin: 0px; padding: 0px; outline: 0px; font-size: 13.3px; vertical-align: baseline; background: transparent;\">Conforme a RoHS<\/span><\/li>\n<li class=\"alternaterow0\" style=\"outline: 0px; font-size: 13.3px; vertical-align: baseline; background: transparent; font-family: Humanist777BT-LightB, Arial, Helvetica, Geneva, sans-serif;\"><span class=\"value\" style=\"margin: 0px; padding: 0px; outline: 0px; font-size: 13.3px; vertical-align: baseline; background: transparent;\">Se prescinde de los materiales que ponen en peligro la capa de ozono en virtud de la directiva europea 1005\/2009 (no utilizaci\u00f3n de CFC)<\/span><\/li>\n<li class=\"alternaterow1\" style=\"outline: 0px; font-size: 13.3px; vertical-align: baseline; background: transparent; font-family: Humanist777BT-LightB, Arial, Helvetica, Geneva, sans-serif;\"><span class=\"value\" style=\"margin: 0px; padding: 0px; outline: 0px; font-size: 13.3px; vertical-align: baseline; background: transparent;\">Fabricado en EU<\/span><\/li>\n<li class=\"alternaterow0\" style=\"outline: 0px; font-size: 13.3px; vertical-align: baseline; background: transparent; font-family: Humanist777BT-LightB, Arial, Helvetica, Geneva, sans-serif;\"><span class=\"value\" style=\"margin: 0px; padding: 0px; outline: 0px; font-size: 13.3px; vertical-align: baseline; background: transparent;\">Desarrollado en Alemania<\/span><\/li>\n<li class=\"alternaterow1\" style=\"outline: 0px; font-size: 13.3px; vertical-align: baseline; background: transparent; font-family: Humanist777BT-LightB, Arial, Helvetica, Geneva, sans-serif;\"><span class=\"value\" style=\"margin: 0px; padding: 0px; outline: 0px; font-size: 13.3px; vertical-align: baseline; background: transparent;\">Fabricado conforme a ISO 9001 e ISO 14001<\/span><\/li>\n<\/ul>\n<p>&nbsp;<\/p>\n<p><span style=\"color: #808080;\"><strong>Dimensiones interiores &nbsp;<\/strong><\/span><\/p>\n<p>&nbsp;<\/p>\n<p><img loading=\"lazy\" decoding=\"async\" src=\"\/wordpress\/wp-content\/uploads\/2026\/04\/Solar\/canadian\/18688_322x680x72x72x100_Steca_PF166_PF_240_technische_Zeichnung.jpg\" alt=\"\" width=\"467\" height=\"221\" \/><\/p>\n<p>&nbsp;<\/p>\n<p>&nbsp;<\/p>\n<p><span style=\"font-size: 8pt;\"><a href=\"http:\/\/localhost\/solarcostawordpress\/neveras-y-congeladores-solares\/\" target=\"_self\">Volver<\/a>&nbsp;<\/span><\/p>\n<p><span style=\"font-size: 16px;\"><\/span><\/p>\n<\/td>\n<td style=\"text-align: justify;\">&nbsp;<\/td>\n<\/tr>\n<\/tbody>\n<\/table>\n","protected":false},"excerpt":{"rendered":"<p>&nbsp; &nbsp; M\u00e1xima eficiencia energ\u00e9tica Puede utilizarse como frigor\u00edfico o congelador Adaptaci\u00f3n autom\u00e1tica a bater\u00edas de 12 V y 24 V Control electr\u00f3nico Registrador de datos de temperatura en caso de corte de corriente Descripci\u00f3n: Los frigor\u00edficos Steca de la serie PF son los frigor\u00edficos de CC con ahorro de energ\u00eda m\u00e1s eficientes que jam\u00e1s [&hellip;]<\/p>\n","protected":false},"author":2,"featured_media":0,"comment_status":"open","ping_status":"open","sticky":false,"template":"","format":"standard","meta":{"footnotes":""},"categories":[2],"tags":[],"class_list":["post-1392","post","type-post","status-publish","format-standard","hentry","category-principal"],"_links":{"self":[{"href":"https:\/\/www.nuevaweb.solarcosta.com.co\/wordpress\/wp-json\/wp\/v2\/posts\/1392","targetHints":{"allow":["GET"]}}],"collection":[{"href":"https:\/\/www.nuevaweb.solarcosta.com.co\/wordpress\/wp-json\/wp\/v2\/posts"}],"about":[{"href":"https:\/\/www.nuevaweb.solarcosta.com.co\/wordpress\/wp-json\/wp\/v2\/types\/post"}],"author":[{"embeddable":true,"href":"https:\/\/www.nuevaweb.solarcosta.com.co\/wordpress\/wp-json\/wp\/v2\/users\/2"}],"replies":[{"embeddable":true,"href":"https:\/\/www.nuevaweb.solarcosta.com.co\/wordpress\/wp-json\/wp\/v2\/comments?post=1392"}],"version-history":[{"count":0,"href":"https:\/\/www.nuevaweb.solarcosta.com.co\/wordpress\/wp-json\/wp\/v2\/posts\/1392\/revisions"}],"wp:attachment":[{"href":"https:\/\/www.nuevaweb.solarcosta.com.co\/wordpress\/wp-json\/wp\/v2\/media?parent=1392"}],"wp:term":[{"taxonomy":"category","embeddable":true,"href":"https:\/\/www.nuevaweb.solarcosta.com.co\/wordpress\/wp-json\/wp\/v2\/categories?post=1392"},{"taxonomy":"post_tag","embeddable":true,"href":"https:\/\/www.nuevaweb.solarcosta.com.co\/wordpress\/wp-json\/wp\/v2\/tags?post=1392"}],"curies":[{"name":"wp","href":"https:\/\/api.w.org\/{rel}","templated":true}]}}